{"id":4154,"date":"2022-11-14T11:49:00","date_gmt":"2022-11-14T11:49:00","guid":{"rendered":"https:\/\/www.muzejhercegovine.com\/predstavljanje-izdanja-udruzenja-za-modernu-historiju-objavljenih-u-2021-i-2022-godini\/"},"modified":"2023-01-24T08:58:46","modified_gmt":"2023-01-24T08:58:46","slug":"presentation-des-editions-de-lassociation-dhistoire-moderne-parues-en-2021-et-2022","status":"publish","type":"post","link":"https:\/\/www.muzejhercegovine.com\/fr\/presentation-des-editions-de-lassociation-dhistoire-moderne-parues-en-2021-et-2022\/","title":{"rendered":"Pr\u00e9sentation des \u00e9ditions de l&rsquo;Association d&rsquo;Histoire Moderne parues en 2021 et 2022"},"content":{"rendered":"\n<p>L&rsquo;Association d&rsquo;Histoire Moderne a pr\u00e9sent\u00e9 ses \u00e9ditions les plus importantes publi\u00e9es en 2021 et 2022 au Mus\u00e9e d&rsquo;Herz\u00e9govine de Mostar (Maison de D\u017eemal Bjedi\u0107) le lundi 14 novembre. Sont particuli\u00e8rement int\u00e9ressants et frappants: Collection d&rsquo;\u0153uvres \u00ab\u00a0Repr\u00e9sentation de la violence en Europe du Sud-Est au XXe si\u00e8cle\u00a0\u00bb de Husnija Kamberovi\u0107, \u00ab\u00a0Historien dans le public\u00a0\u00bb d&rsquo;Edin Omer\u010di\u0107, \u00ab\u00a0BiH dans la projection politique des cercles intellectuels 1991-1996\u00a0\u00bb de Xavije Bougarel, et \u00ab\u00a0Division Hand\u017ear, Waffer-SS en Bosnie 1943-1945)\u00a0\u00bb et Bibliographie \u00ab\u00a0Slovo Gor\u010dina\u00a0\u00bb.<br>Les promoteurs des \u00e9ditions mentionn\u00e9es sont : Jasmin Brajkovi\u0107 et Husnija Kamberovi\u0107, et le mod\u00e9rateur \u00e9tait Asim Krhan.<\/p>\n\n\n\n<figure class=\"wp-block-image size-large\"><img loading=\"lazy\" decoding=\"async\" width=\"1024\" height=\"461\" src=\"https:\/\/www.muzejhercegovine.com\/wp-content\/uploads\/2023\/01\/2-3-1024x461.jpg\" alt=\"\" class=\"wp-image-2327\" srcset=\"https:\/\/www.muzejhercegovine.com\/wp-content\/uploads\/2023\/01\/2-3-1024x461.jpg 1024w, https:\/\/www.muzejhercegovine.com\/wp-content\/uploads\/2023\/01\/2-3-300x135.jpg 300w, https:\/\/www.muzejhercegovine.com\/wp-content\/uploads\/2023\/01\/2-3-768x346.jpg 768w, https:\/\/www.muzejhercegovine.com\/wp-content\/uploads\/2023\/01\/2-3.jpg 1422w\" sizes=\"auto, (max-width: 1024px) 100vw, 1024px\" \/><\/figure>\n\n\n\n<figure class=\"wp-block-image size-large\"><img loading=\"lazy\" decoding=\"async\" width=\"1024\" height=\"768\" src=\"https:\/\/www.muzejhercegovine.com\/wp-content\/uploads\/2023\/01\/3-3-1024x768.jpg\" alt=\"\" class=\"wp-image-2328\" srcset=\"https:\/\/www.muzejhercegovine.com\/wp-content\/uploads\/2023\/01\/3-3-1024x768.jpg 1024w, https:\/\/www.muzejhercegovine.com\/wp-content\/uploads\/2023\/01\/3-3-300x225.jpg 300w, https:\/\/www.muzejhercegovine.com\/wp-content\/uploads\/2023\/01\/3-3-768x576.jpg 768w, https:\/\/www.muzejhercegovine.com\/wp-content\/uploads\/2023\/01\/3-3-1536x1152.jpg 1536w, https:\/\/www.muzejhercegovine.com\/wp-content\/uploads\/2023\/01\/3-3.jpg 1600w\" sizes=\"auto, (max-width: 1024px) 100vw, 1024px\" \/><\/figure>\n\n\n\n<figure class=\"wp-block-image size-large\"><img loading=\"lazy\" decoding=\"async\" width=\"1024\" height=\"682\" src=\"https:\/\/www.muzejhercegovine.com\/wp-content\/uploads\/2023\/01\/4-3-1024x682.jpg\" alt=\"\" class=\"wp-image-2329\" srcset=\"https:\/\/www.muzejhercegovine.com\/wp-content\/uploads\/2023\/01\/4-3-1024x682.jpg 1024w, https:\/\/www.muzejhercegovine.com\/wp-content\/uploads\/2023\/01\/4-3-300x200.jpg 300w, https:\/\/www.muzejhercegovine.com\/wp-content\/uploads\/2023\/01\/4-3-768x512.jpg 768w, https:\/\/www.muzejhercegovine.com\/wp-content\/uploads\/2023\/01\/4-3-1536x1023.jpg 1536w, https:\/\/www.muzejhercegovine.com\/wp-content\/uploads\/2023\/01\/4-3.jpg 1600w\" sizes=\"auto, (max-width: 1024px) 100vw, 1024px\" \/><\/figure>\n\n\n\n<figure class=\"wp-block-image size-large\"><img loading=\"lazy\" decoding=\"async\" width=\"1024\" height=\"682\" src=\"https:\/\/www.muzejhercegovine.com\/wp-content\/uploads\/2023\/01\/5-3-1024x682.jpg\" alt=\"\" class=\"wp-image-2330\" srcset=\"https:\/\/www.muzejhercegovine.com\/wp-content\/uploads\/2023\/01\/5-3-1024x682.jpg 1024w, https:\/\/www.muzejhercegovine.com\/wp-content\/uploads\/2023\/01\/5-3-300x200.jpg 300w, https:\/\/www.muzejhercegovine.com\/wp-content\/uploads\/2023\/01\/5-3-768x512.jpg 768w, https:\/\/www.muzejhercegovine.com\/wp-content\/uploads\/2023\/01\/5-3-1536x1023.jpg 1536w, https:\/\/www.muzejhercegovine.com\/wp-content\/uploads\/2023\/01\/5-3.jpg 1600w\" sizes=\"auto, (max-width: 1024px) 100vw, 1024px\" \/><\/figure>\n\n\n\n<figure class=\"wp-block-image size-full\"><img loading=\"lazy\" decoding=\"async\" width=\"960\" height=\"723\" src=\"https:\/\/www.muzejhercegovine.com\/wp-content\/uploads\/2023\/01\/6-2.jpg\" alt=\"\" class=\"wp-image-2331\" srcset=\"https:\/\/www.muzejhercegovine.com\/wp-content\/uploads\/2023\/01\/6-2.jpg 960w, https:\/\/www.muzejhercegovine.com\/wp-content\/uploads\/2023\/01\/6-2-300x226.jpg 300w, https:\/\/www.muzejhercegovine.com\/wp-content\/uploads\/2023\/01\/6-2-768x578.jpg 768w\" sizes=\"auto, (max-width: 960px) 100vw, 960px\" \/><\/figure>\n","protected":false},"excerpt":{"rendered":"<p>L&rsquo;Association d&rsquo;Histoire Moderne a pr\u00e9sent\u00e9 ses \u00e9ditions les plus importantes publi\u00e9es en 2021 et 2022 au Mus\u00e9e d&rsquo;Herz\u00e9govine de Mostar (Maison de D\u017eemal Bjedi\u0107) le lundi 14 novembre. Sont particuli\u00e8rement int\u00e9ressants et frappants: Collection d&rsquo;\u0153uvres \u00ab\u00a0Repr\u00e9sentation de la violence en Europe du Sud-Est au XXe si\u00e8cle\u00a0\u00bb de Husnija Kamberovi\u0107, \u00ab\u00a0Historien dans le public\u00a0\u00bb d&rsquo;Edin Omer\u010di\u0107, [&hellip;]<\/p>\n","protected":false},"author":2,"featured_media":3944,"comment_status":"closed","ping_status":"closed","sticky":false,"template":"","format":"standard","meta":{"footnotes":""},"categories":[77],"tags":[],"class_list":["post-4154","post","type-post","status-publish","format-standard","has-post-thumbnail","hentry","category-blog-fr"],"_links":{"self":[{"href":"https:\/\/www.muzejhercegovine.com\/fr\/wp-json\/wp\/v2\/posts\/4154","targetHints":{"allow":["GET"]}}],"collection":[{"href":"https:\/\/www.muzejhercegovine.com\/fr\/wp-json\/wp\/v2\/posts"}],"about":[{"href":"https:\/\/www.muzejhercegovine.com\/fr\/wp-json\/wp\/v2\/types\/post"}],"author":[{"embeddable":true,"href":"https:\/\/www.muzejhercegovine.com\/fr\/wp-json\/wp\/v2\/users\/2"}],"replies":[{"embeddable":true,"href":"https:\/\/www.muzejhercegovine.com\/fr\/wp-json\/wp\/v2\/comments?post=4154"}],"version-history":[{"count":3,"href":"https:\/\/www.muzejhercegovine.com\/fr\/wp-json\/wp\/v2\/posts\/4154\/revisions"}],"predecessor-version":[{"id":4158,"href":"https:\/\/www.muzejhercegovine.com\/fr\/wp-json\/wp\/v2\/posts\/4154\/revisions\/4158"}],"wp:featuredmedia":[{"embeddable":true,"href":"https:\/\/www.muzejhercegovine.com\/fr\/wp-json\/wp\/v2\/media\/3944"}],"wp:attachment":[{"href":"https:\/\/www.muzejhercegovine.com\/fr\/wp-json\/wp\/v2\/media?parent=4154"}],"wp:term":[{"taxonomy":"category","embeddable":true,"href":"https:\/\/www.muzejhercegovine.com\/fr\/wp-json\/wp\/v2\/categories?post=4154"},{"taxonomy":"post_tag","embeddable":true,"href":"https:\/\/www.muzejhercegovine.com\/fr\/wp-json\/wp\/v2\/tags?post=4154"}],"curies":[{"name":"wp","href":"https:\/\/api.w.org\/{rel}","templated":true}]}}