{"id":4171,"date":"2019-04-02T09:44:00","date_gmt":"2019-04-02T09:44:00","guid":{"rendered":"https:\/\/www.muzejhercegovine.com\/novi-broj-casopisa-hercegovina\/"},"modified":"2023-01-24T10:58:53","modified_gmt":"2023-01-24T10:58:53","slug":"nouveau-numero-du-magazine-hercegovina","status":"publish","type":"post","link":"https:\/\/www.muzejhercegovine.com\/fr\/nouveau-numero-du-magazine-hercegovina\/","title":{"rendered":"Nouveau num\u00e9ro du magazine \u00ab\u00a0Hercegovina\u00a0\u00bb"},"content":{"rendered":"\n<p><strong>Un nouveau num\u00e9ro du magazine pour le patrimoine culturel et historique d&rsquo;HERZ\u00c9GOVINE (n\u00b0 17) a \u00e9t\u00e9 publi\u00e9.<\/strong><\/p>\n\n\n\n<p>Conscients de la valeur et de l&rsquo;importance de ce magazine, le Mus\u00e9e d&rsquo;Herz\u00e9govine, les Archives d&rsquo;Herz\u00e9govine et la Facult\u00e9 des sciences humaines de l&rsquo;Universit\u00e9 \u00ab\u00a0D\u017eemal Bijedi\u0107\u00a0\u00bb de Mostar ont renouvel\u00e9 le travail du magazine et il est pr\u00e9vu qu&rsquo;il continuera \u00e0 \u00eatre publi\u00e9 \u00e0 l&rsquo;avenir.<\/p>\n\n\n\n<p>Le magazine du patrimoine culturel et historique sous le nom \u00ab\u00a0Hercegovina\u00a0\u00bb a \u00e9t\u00e9 publi\u00e9 pour la premi\u00e8re fois en 1981. Les \u00e9diteurs du magazine \u00e9taient le Mus\u00e9e d&rsquo;Herz\u00e9govine de Mostar, les Archives d&rsquo;Herz\u00e9govine de Mostar et l&rsquo;Institut pour la protection du patrimoine culturel, historique et naturel de Mostar. Des textes li\u00e9s aux sciences sociales et humaines et \u00e0 la r\u00e9gion d&rsquo;Herz\u00e9govine ont \u00e9t\u00e9 publi\u00e9s en Herz\u00e9govine.<br>Dans le m\u00eame temps, il s&rsquo;agit d&rsquo;une invitation \u00e0 la coop\u00e9ration \u00e0 tous les scientifiques int\u00e9ress\u00e9s qui sont engag\u00e9s dans la recherche de la culture, de l&rsquo;histoire, du patrimoine culturel, de la langue, de la litt\u00e9rature de la r\u00e9gion \u00e9largie de l&rsquo;Herz\u00e9govine.<\/p>\n","protected":false},"excerpt":{"rendered":"<p>Un nouveau num\u00e9ro du magazine pour le patrimoine culturel et historique d&rsquo;HERZ\u00c9GOVINE (n\u00b0 17) a \u00e9t\u00e9 publi\u00e9. Conscients de la valeur et de l&rsquo;importance de ce magazine, le Mus\u00e9e d&rsquo;Herz\u00e9govine, les Archives d&rsquo;Herz\u00e9govine et la Facult\u00e9 des sciences humaines de l&rsquo;Universit\u00e9 \u00ab\u00a0D\u017eemal Bijedi\u0107\u00a0\u00bb de Mostar ont renouvel\u00e9 le travail du magazine et il est pr\u00e9vu [&hellip;]<\/p>\n","protected":false},"author":2,"featured_media":3904,"comment_status":"closed","ping_status":"closed","sticky":false,"template":"","format":"standard","meta":{"footnotes":""},"categories":[77],"tags":[],"class_list":["post-4171","post","type-post","status-publish","format-standard","has-post-thumbnail","hentry","category-blog-fr"],"_links":{"self":[{"href":"https:\/\/www.muzejhercegovine.com\/fr\/wp-json\/wp\/v2\/posts\/4171","targetHints":{"allow":["GET"]}}],"collection":[{"href":"https:\/\/www.muzejhercegovine.com\/fr\/wp-json\/wp\/v2\/posts"}],"about":[{"href":"https:\/\/www.muzejhercegovine.com\/fr\/wp-json\/wp\/v2\/types\/post"}],"author":[{"embeddable":true,"href":"https:\/\/www.muzejhercegovine.com\/fr\/wp-json\/wp\/v2\/users\/2"}],"replies":[{"embeddable":true,"href":"https:\/\/www.muzejhercegovine.com\/fr\/wp-json\/wp\/v2\/comments?post=4171"}],"version-history":[{"count":3,"href":"https:\/\/www.muzejhercegovine.com\/fr\/wp-json\/wp\/v2\/posts\/4171\/revisions"}],"predecessor-version":[{"id":4174,"href":"https:\/\/www.muzejhercegovine.com\/fr\/wp-json\/wp\/v2\/posts\/4171\/revisions\/4174"}],"wp:featuredmedia":[{"embeddable":true,"href":"https:\/\/www.muzejhercegovine.com\/fr\/wp-json\/wp\/v2\/media\/3904"}],"wp:attachment":[{"href":"https:\/\/www.muzejhercegovine.com\/fr\/wp-json\/wp\/v2\/media?parent=4171"}],"wp:term":[{"taxonomy":"category","embeddable":true,"href":"https:\/\/www.muzejhercegovine.com\/fr\/wp-json\/wp\/v2\/categories?post=4171"},{"taxonomy":"post_tag","embeddable":true,"href":"https:\/\/www.muzejhercegovine.com\/fr\/wp-json\/wp\/v2\/tags?post=4171"}],"curies":[{"name":"wp","href":"https:\/\/api.w.org\/{rel}","templated":true}]}}