{"id":4192,"date":"2017-09-27T09:37:00","date_gmt":"2017-09-27T09:37:00","guid":{"rendered":"https:\/\/www.muzejhercegovine.com\/bosanska-usmena-tradicija-u-kulturi-svijeta\/"},"modified":"2023-01-24T11:11:13","modified_gmt":"2023-01-24T11:11:13","slug":"la-tradition-orale-bosniaque-dans-la-culture-mondiale","status":"publish","type":"post","link":"https:\/\/www.muzejhercegovine.com\/fr\/la-tradition-orale-bosniaque-dans-la-culture-mondiale\/","title":{"rendered":"La tradition orale bosniaque dans la culture mondiale"},"content":{"rendered":"\n<p>Le Mus\u00e9e d&rsquo;Herz\u00e9govine et le Centre du h\u00e9ritage culturel du Forum international de Bosnie, avec le soutien financier du Minist\u00e8re f\u00e9d\u00e9ral de l&rsquo;\u00e9ducation et des sciences, organiseront un programme scientifique les 27 et 28 octobre, le premier colloque international de tradition orale bosniaque dans la culture mondiale . Ce programme sera r\u00e9alis\u00e9 au Centre pour la culture de Mostar.<\/p>\n\n\n\n<p>L&rsquo;objectif du premier colloque international sur la tradition orale bosniaque dans la culture mondiale est d&rsquo;initier une pr\u00e9sentation et une recherche syst\u00e9matiques et \u00e0 long terme du patrimoine oral bosniaque dans la collection de litt\u00e9rature orale Milman Parry de l&rsquo;Universit\u00e9 de Harvard. Cette collection est fondamentalement li\u00e9e au patrimoine oral bosniaque.<\/p>\n\n\n\n<p>Il est \u00e0 la base de divers efforts de recherche dans les cultures du monde. Il est insuffisamment connu et utilis\u00e9 dans son pays d&rsquo;origine. Des chercheurs invit\u00e9s du pays et du monde pr\u00e9senteront le contenu et la signification de cette collection et les possibilit\u00e9s de son inclusion dans la culture bosniaque vivante. En plus du contenu purement scientifique de ce colloque, une discussion publique sur le patrimoine oral bosniaque et une exposition ouverte sur l&rsquo;Art de la Musandera bosniaque seront organis\u00e9es.<\/p>\n\n\n\n<p>Le programme final du premier colloque international de tradition orale bosniaque dans la culture mondiale sera pr\u00e9sent\u00e9 le 27 octobre 2017 lors d&rsquo;une conf\u00e9rence de presse au Centre culturel de Mostar.<\/p>\n\n\n\n<p><strong>Les contacts:<\/strong><\/p>\n\n\n\n<p>Ibrahim Dizdar (Mus\u00e9e d&rsquo;Herz\u00e9govine) &#8211;\u00a0036 55 16 02<\/p>\n\n\n\n<p>Nermina Jusi\u0107 (MFB Press) &#8211;&nbsp;033 21 76 65<\/p>\n","protected":false},"excerpt":{"rendered":"<p>Le Mus\u00e9e d&rsquo;Herz\u00e9govine et le Centre du h\u00e9ritage culturel du Forum international de Bosnie, avec le soutien financier du Minist\u00e8re f\u00e9d\u00e9ral de l&rsquo;\u00e9ducation et des sciences, organiseront un programme scientifique les 27 et 28 octobre, le premier colloque international de tradition orale bosniaque dans la culture mondiale . Ce programme sera r\u00e9alis\u00e9 au Centre pour [&hellip;]<\/p>\n","protected":false},"author":2,"featured_media":3901,"comment_status":"closed","ping_status":"closed","sticky":false,"template":"","format":"standard","meta":{"footnotes":""},"categories":[77],"tags":[],"class_list":["post-4192","post","type-post","status-publish","format-standard","has-post-thumbnail","hentry","category-blog-fr"],"_links":{"self":[{"href":"https:\/\/www.muzejhercegovine.com\/fr\/wp-json\/wp\/v2\/posts\/4192","targetHints":{"allow":["GET"]}}],"collection":[{"href":"https:\/\/www.muzejhercegovine.com\/fr\/wp-json\/wp\/v2\/posts"}],"about":[{"href":"https:\/\/www.muzejhercegovine.com\/fr\/wp-json\/wp\/v2\/types\/post"}],"author":[{"embeddable":true,"href":"https:\/\/www.muzejhercegovine.com\/fr\/wp-json\/wp\/v2\/users\/2"}],"replies":[{"embeddable":true,"href":"https:\/\/www.muzejhercegovine.com\/fr\/wp-json\/wp\/v2\/comments?post=4192"}],"version-history":[{"count":3,"href":"https:\/\/www.muzejhercegovine.com\/fr\/wp-json\/wp\/v2\/posts\/4192\/revisions"}],"predecessor-version":[{"id":4196,"href":"https:\/\/www.muzejhercegovine.com\/fr\/wp-json\/wp\/v2\/posts\/4192\/revisions\/4196"}],"wp:featuredmedia":[{"embeddable":true,"href":"https:\/\/www.muzejhercegovine.com\/fr\/wp-json\/wp\/v2\/media\/3901"}],"wp:attachment":[{"href":"https:\/\/www.muzejhercegovine.com\/fr\/wp-json\/wp\/v2\/media?parent=4192"}],"wp:term":[{"taxonomy":"category","embeddable":true,"href":"https:\/\/www.muzejhercegovine.com\/fr\/wp-json\/wp\/v2\/categories?post=4192"},{"taxonomy":"post_tag","embeddable":true,"href":"https:\/\/www.muzejhercegovine.com\/fr\/wp-json\/wp\/v2\/tags?post=4192"}],"curies":[{"name":"wp","href":"https:\/\/api.w.org\/{rel}","templated":true}]}}