{"id":4203,"date":"2016-12-29T09:20:00","date_gmt":"2016-12-29T09:20:00","guid":{"rendered":"https:\/\/www.muzejhercegovine.com\/razgovor-o-knjizi-andricevstvo\/"},"modified":"2023-01-24T11:18:16","modified_gmt":"2023-01-24T11:18:16","slug":"parlez-du-livre-andricevstvo","status":"publish","type":"post","link":"https:\/\/www.muzejhercegovine.com\/fr\/parlez-du-livre-andricevstvo\/","title":{"rendered":"Parlez du livre: Andri\u0107evstvo"},"content":{"rendered":"\n<p><strong>Rusmir Mahmut\u0107ehaji\u0107, Andri\u0107evstvo: Contre l&rsquo;\u00e9thique de la m\u00e9moire<\/strong><\/p>\n\n\n\n<p>Le D\u00e9partement de litt\u00e9rature du Mus\u00e9e d&rsquo;Herz\u00e9govine organisera le 11 janvier (mercredi) 2017, \u00e0 partir de 19h00, au Centre de la culture de Mostar (ul. Rade Bitange 13), une discussion autour du livre de Rusmir Mahmut\u0107ehaji\u0107 Andri\u0107evstvo: Against Ethics souvenirs, Belgrade: Clio, 2015.<\/p>\n\n\n\n<p>Le livre Andri\u0107evstvo est la premi\u00e8re revue critique compl\u00e8te des lectures id\u00e9ologiques, des interpr\u00e9tations et de l&rsquo;utilisation de l&rsquo;\u0153uvre litt\u00e9raire d&rsquo;Ivo Andri\u0107 dans les relations nationalistes, orientalistes et culturelles-racistes envers la Bosnie, la Bosnie et les Bosniaques. Le travail de Mahmut\u0107ehaji\u0107 est bas\u00e9 sur des interpr\u00e9tations philosophiques, th\u00e9ologiques et litt\u00e9raires critiques de la Bosnie dans sa pluralit\u00e9 identitaire. Il a d\u00e9construit les dogmatisations canonis\u00e9es de la fiction litt\u00e9raire n\u00e9cessaires aux aspects nationalistes, orientalistes et racistes du monde. Mahmut\u0107ehaji\u0107 appelle les divers ph\u00e9nom\u00e8nes d&rsquo;esth\u00e9tisation du politique et de politisation de l&rsquo;esth\u00e9tique dans les usages id\u00e9ologiques de l&rsquo;\u0153uvre narrative d&rsquo;Ivo Andri\u0107 Mahmut\u0107ehaji\u0107. Comme on peut le voir d&rsquo;apr\u00e8s les r\u00e9actions jusqu&rsquo;\u00e0 pr\u00e9sent, ce livre excite \u00e0 la fois les cercles lib\u00e9raux et conservateurs, nationalistes et anti-nationalistes, communistes et anti-communistes du drame post-yougoslave. De ces r\u00e9actions ressortent les raisons pass\u00e9es et pr\u00e9sentes du tabou des lectures impos\u00e9es et de l&rsquo;utilisation de cette \u0153uvre hors du cadre de la litt\u00e9rature de fiction.<\/p>\n\n\n\n<p><strong>Nerin Dizdar, Sanjin Kodri\u0107, Mirsad Kuni\u0107, Senadin Lavi\u0107, Vahid Preljevi\u0107<\/strong> et l&rsquo;auteur parleront du livre et des questions qu&rsquo;il soul\u00e8ve.<br>Nerin Dizdar est le chercheur sur les d\u00e9lires id\u00e9ologiques dans la pluralit\u00e9 politique et culturelle bosniaque. Il \u00e9crit sur divers aspects de l&rsquo;anti-Bosnie et ses d\u00e9guisements dans le livre Politics of Cultural Racism.Sanjin Kodri\u0107 est th\u00e9oricien et historien de la litt\u00e9rature, professeur d&rsquo;universit\u00e9 et participant au renouveau de la critique d\u00e9constructionniste des id\u00e9ologies anti-bosniaques.<\/p>\n\n\n\n<p><strong>Mirsad Kuni\u0107<\/strong> est un historien litt\u00e9raire et un expert du patrimoine oral bosniaque collect\u00e9 et \u00e9tudi\u00e9 dans la Milman Parry Harvard Collection.<br>Senadin Lavi\u0107 est philosophe, chercheur sur les situations politiques et culturelles contemporaines en Bosnie et professeur d&rsquo;universit\u00e9. Ses analyses et synth\u00e8ses politiques contribuent \u00e0 l&rsquo;\u00e9lucidation du drame social bosnien. Vahidin Preljevi\u0107 est un professeur d&rsquo;universit\u00e9 dont le domaine de recherche comprend la litt\u00e9rature allemande, les \u00e9tudes m\u00e9diatiques et les \u00e9tudes italiennes. Ce cadre \u00e9pist\u00e9mologique inclut \u00e9galement son int\u00e9r\u00eat pour les \u00e9tudes culturelles et la question bosniaque.<\/p>\n\n\n\n<p><strong>Krsto Mijanovi\u0107 est professeur d&rsquo;universit\u00e9.<\/strong> Son domaine de recherche comprend la question de la relation entre le d\u00e9veloppement technologique et l&rsquo;environnement, mais aussi les questions les plus importantes de la pluralit\u00e9 bosniaque.<br>La conversation sera mod\u00e9r\u00e9e par Krsto Mijanovi\u0107. La conversation est ouverte au grand public.<\/p>\n","protected":false},"excerpt":{"rendered":"<p>Rusmir Mahmut\u0107ehaji\u0107, Andri\u0107evstvo: Contre l&rsquo;\u00e9thique de la m\u00e9moire Le D\u00e9partement de litt\u00e9rature du Mus\u00e9e d&rsquo;Herz\u00e9govine organisera le 11 janvier (mercredi) 2017, \u00e0 partir de 19h00, au Centre de la culture de Mostar (ul. Rade Bitange 13), une discussion autour du livre de Rusmir Mahmut\u0107ehaji\u0107 Andri\u0107evstvo: Against Ethics souvenirs, Belgrade: Clio, 2015. Le livre Andri\u0107evstvo est [&hellip;]<\/p>\n","protected":false},"author":2,"featured_media":3898,"comment_status":"closed","ping_status":"closed","sticky":false,"template":"","format":"standard","meta":{"footnotes":""},"categories":[77],"tags":[],"class_list":["post-4203","post","type-post","status-publish","format-standard","has-post-thumbnail","hentry","category-blog-fr"],"_links":{"self":[{"href":"https:\/\/www.muzejhercegovine.com\/fr\/wp-json\/wp\/v2\/posts\/4203","targetHints":{"allow":["GET"]}}],"collection":[{"href":"https:\/\/www.muzejhercegovine.com\/fr\/wp-json\/wp\/v2\/posts"}],"about":[{"href":"https:\/\/www.muzejhercegovine.com\/fr\/wp-json\/wp\/v2\/types\/post"}],"author":[{"embeddable":true,"href":"https:\/\/www.muzejhercegovine.com\/fr\/wp-json\/wp\/v2\/users\/2"}],"replies":[{"embeddable":true,"href":"https:\/\/www.muzejhercegovine.com\/fr\/wp-json\/wp\/v2\/comments?post=4203"}],"version-history":[{"count":3,"href":"https:\/\/www.muzejhercegovine.com\/fr\/wp-json\/wp\/v2\/posts\/4203\/revisions"}],"predecessor-version":[{"id":4207,"href":"https:\/\/www.muzejhercegovine.com\/fr\/wp-json\/wp\/v2\/posts\/4203\/revisions\/4207"}],"wp:featuredmedia":[{"embeddable":true,"href":"https:\/\/www.muzejhercegovine.com\/fr\/wp-json\/wp\/v2\/media\/3898"}],"wp:attachment":[{"href":"https:\/\/www.muzejhercegovine.com\/fr\/wp-json\/wp\/v2\/media?parent=4203"}],"wp:term":[{"taxonomy":"category","embeddable":true,"href":"https:\/\/www.muzejhercegovine.com\/fr\/wp-json\/wp\/v2\/categories?post=4203"},{"taxonomy":"post_tag","embeddable":true,"href":"https:\/\/www.muzejhercegovine.com\/fr\/wp-json\/wp\/v2\/tags?post=4203"}],"curies":[{"name":"wp","href":"https:\/\/api.w.org\/{rel}","templated":true}]}}