{"id":4234,"date":"2015-03-11T08:19:00","date_gmt":"2015-03-11T08:19:00","guid":{"rendered":"https:\/\/www.muzejhercegovine.com\/izlozba-povodom-dana-nezavisnosti-bih\/"},"modified":"2023-01-24T14:02:01","modified_gmt":"2023-01-24T14:02:01","slug":"exposition-a-loccasion-de-la-fete-de-lindependance-de-la-bosnie-herzegovine","status":"publish","type":"post","link":"https:\/\/www.muzejhercegovine.com\/fr\/exposition-a-loccasion-de-la-fete-de-lindependance-de-la-bosnie-herzegovine\/","title":{"rendered":"Exposition \u00e0 l&rsquo;occasion de la f\u00eate de l&rsquo;ind\u00e9pendance de la Bosnie-Herz\u00e9govine"},"content":{"rendered":"\n<p>A l&rsquo;occasion du 1er mars, jour de l&rsquo;ind\u00e9pendance de la Bosnie-Herz\u00e9govine, le Mus\u00e9e d&rsquo;Herz\u00e9govine a organis\u00e9 une exposition intitul\u00e9e \u00ab\u00a0Bh. presse du r\u00e9f\u00e9rendum \u00e0 l&rsquo;ind\u00e9pendance \u00bb. Les parrains de l&rsquo;exposition \u00e9taient le pr\u00e9sident de la Chambre des repr\u00e9sentants du Parlement de Bosnie-Herz\u00e9govine et le pr\u00e9sident de l&rsquo;Assembl\u00e9e de l&rsquo;Assembl\u00e9e nationale croate. L&rsquo;exposition a \u00e9t\u00e9 inaugur\u00e9e \u00e0 Mostar le 1er mars 2015. dans le b\u00e2timent du gouvernement de la F\u00e9d\u00e9ration de Bosnie-Herz\u00e9govine &#8211; Salle des congr\u00e8s (rue Ante Star\u010devi\u0107a bb, Mostar).<\/p>\n\n\n\n<figure class=\"wp-block-gallery has-nested-images columns-default is-cropped wp-block-gallery-1 is-layout-flex wp-block-gallery-is-layout-flex\">\n<figure class=\"wp-block-image size-full\"><img loading=\"lazy\" decoding=\"async\" width=\"680\" height=\"383\" data-id=\"2201\" src=\"https:\/\/www.muzejhercegovine.com\/wp-content\/uploads\/2022\/12\/1.-mart-2015-2.png\" alt=\"\" class=\"wp-image-2201\" srcset=\"https:\/\/www.muzejhercegovine.com\/wp-content\/uploads\/2022\/12\/1.-mart-2015-2.png 680w, https:\/\/www.muzejhercegovine.com\/wp-content\/uploads\/2022\/12\/1.-mart-2015-2-300x169.png 300w\" sizes=\"auto, (max-width: 680px) 100vw, 680px\" \/><\/figure>\n<\/figure>\n\n\n\n<figure class=\"wp-block-image size-full\"><img loading=\"lazy\" decoding=\"async\" width=\"682\" height=\"384\" src=\"https:\/\/www.muzejhercegovine.com\/wp-content\/uploads\/2022\/12\/1.-mart-2015-3.png\" alt=\"\" class=\"wp-image-2202\" srcset=\"https:\/\/www.muzejhercegovine.com\/wp-content\/uploads\/2022\/12\/1.-mart-2015-3.png 682w, https:\/\/www.muzejhercegovine.com\/wp-content\/uploads\/2022\/12\/1.-mart-2015-3-300x169.png 300w\" sizes=\"auto, (max-width: 682px) 100vw, 682px\" \/><\/figure>\n\n\n\n<figure class=\"wp-block-image size-full\"><img loading=\"lazy\" decoding=\"async\" width=\"683\" height=\"384\" src=\"https:\/\/www.muzejhercegovine.com\/wp-content\/uploads\/2022\/12\/1.mart-2015.png\" alt=\"\" class=\"wp-image-2203\" srcset=\"https:\/\/www.muzejhercegovine.com\/wp-content\/uploads\/2022\/12\/1.mart-2015.png 683w, https:\/\/www.muzejhercegovine.com\/wp-content\/uploads\/2022\/12\/1.mart-2015-300x169.png 300w\" sizes=\"auto, (max-width: 683px) 100vw, 683px\" \/><\/figure>\n","protected":false},"excerpt":{"rendered":"<p>A l&rsquo;occasion du 1er mars, jour de l&rsquo;ind\u00e9pendance de la Bosnie-Herz\u00e9govine, le Mus\u00e9e d&rsquo;Herz\u00e9govine a organis\u00e9 une exposition intitul\u00e9e \u00ab\u00a0Bh. presse du r\u00e9f\u00e9rendum \u00e0 l&rsquo;ind\u00e9pendance \u00bb. Les parrains de l&rsquo;exposition \u00e9taient le pr\u00e9sident de la Chambre des repr\u00e9sentants du Parlement de Bosnie-Herz\u00e9govine et le pr\u00e9sident de l&rsquo;Assembl\u00e9e de l&rsquo;Assembl\u00e9e nationale croate. L&rsquo;exposition a \u00e9t\u00e9 inaugur\u00e9e [&hellip;]<\/p>\n","protected":false},"author":2,"featured_media":3881,"comment_status":"closed","ping_status":"closed","sticky":false,"template":"","format":"standard","meta":{"footnotes":""},"categories":[77],"tags":[],"class_list":["post-4234","post","type-post","status-publish","format-standard","has-post-thumbnail","hentry","category-blog-fr"],"_links":{"self":[{"href":"https:\/\/www.muzejhercegovine.com\/fr\/wp-json\/wp\/v2\/posts\/4234","targetHints":{"allow":["GET"]}}],"collection":[{"href":"https:\/\/www.muzejhercegovine.com\/fr\/wp-json\/wp\/v2\/posts"}],"about":[{"href":"https:\/\/www.muzejhercegovine.com\/fr\/wp-json\/wp\/v2\/types\/post"}],"author":[{"embeddable":true,"href":"https:\/\/www.muzejhercegovine.com\/fr\/wp-json\/wp\/v2\/users\/2"}],"replies":[{"embeddable":true,"href":"https:\/\/www.muzejhercegovine.com\/fr\/wp-json\/wp\/v2\/comments?post=4234"}],"version-history":[{"count":3,"href":"https:\/\/www.muzejhercegovine.com\/fr\/wp-json\/wp\/v2\/posts\/4234\/revisions"}],"predecessor-version":[{"id":4237,"href":"https:\/\/www.muzejhercegovine.com\/fr\/wp-json\/wp\/v2\/posts\/4234\/revisions\/4237"}],"wp:featuredmedia":[{"embeddable":true,"href":"https:\/\/www.muzejhercegovine.com\/fr\/wp-json\/wp\/v2\/media\/3881"}],"wp:attachment":[{"href":"https:\/\/www.muzejhercegovine.com\/fr\/wp-json\/wp\/v2\/media?parent=4234"}],"wp:term":[{"taxonomy":"category","embeddable":true,"href":"https:\/\/www.muzejhercegovine.com\/fr\/wp-json\/wp\/v2\/categories?post=4234"},{"taxonomy":"post_tag","embeddable":true,"href":"https:\/\/www.muzejhercegovine.com\/fr\/wp-json\/wp\/v2\/tags?post=4234"}],"curies":[{"name":"wp","href":"https:\/\/api.w.org\/{rel}","templated":true}]}}