{"id":4244,"date":"2014-10-24T13:15:00","date_gmt":"2014-10-24T13:15:00","guid":{"rendered":"https:\/\/www.muzejhercegovine.com\/tradicionalno-zanastvo-privlacnost-kulturnog-turizma\/"},"modified":"2023-01-24T14:06:50","modified_gmt":"2023-01-24T14:06:50","slug":"artisanat-traditionnel-lattrait-du-tourisme-culturel","status":"publish","type":"post","link":"https:\/\/www.muzejhercegovine.com\/fr\/artisanat-traditionnel-lattrait-du-tourisme-culturel\/","title":{"rendered":"Artisanat traditionnel &#8211; l&rsquo;attrait du tourisme culturel"},"content":{"rendered":"\n<p>Dans le cadre du projet r\u00e9gional appel\u00e9 CRAFATTTRACT ou, dans un sens plus large, \u00ab\u00a0L&rsquo;artisanat traditionnel &#8211; l&rsquo;attrait du tourisme culturel\u00a0\u00bb, cette ann\u00e9e \u00e0 Mostar les 8 et 9 octobre 2014, un \u00e9v\u00e9nement de deux jours s&rsquo;est tenu \u00e0 Mostar, organis\u00e9 par le Mus\u00e9e d&rsquo;Herz\u00e9govine de Mostar, appel\u00e9 <strong>\u00ab\u00a0L&rsquo;artisanat textile &#8211; une tradition qui vit\u00a0\u00bb.<\/strong> Les mus\u00e9es de la r\u00e9gion ont particip\u00e9 et divers contenus ont \u00e9t\u00e9 organis\u00e9s. Nous soulignons l&rsquo;exposition conjointe des participants, puis la table ronde intitul\u00e9e \u00ab\u00a0Le r\u00f4le du mus\u00e9e dans la pr\u00e9servation des savoirs et savoir-faire traditionnels originels dans l&rsquo;artisanat textile\u00a0\u00bb, et une visite d&rsquo;ateliers artisanaux qui traitent encore des m\u00e9tiers du tissage et de la broderie.<\/p>\n\n\n\n<p>Dans le cadre du programme, il y avait aussi une visite de l&rsquo;installation sur la rivi\u00e8re Bregava \u00e0 Stolac, o\u00f9 la m\u00e9thode traditionnelle de lavage des textiles avec de l&rsquo;eau (stupas et arbres de No\u00ebl) est encore pratiqu\u00e9e aujourd&rsquo;hui.<br><strong>Le projet international CRAFTATRACT,<\/strong> lanc\u00e9 par diverses institutions et mus\u00e9es en Slov\u00e9nie et en Croatie il y a plusieurs ann\u00e9es, s&rsquo;est \u00e9tendu \u00e0 d&rsquo;autres pays et mus\u00e9es dans le cycle actuel. Son objectif initial de traiter et de pr\u00e9senter syst\u00e9matiquement le patrimoine immat\u00e9riel en vue de son inscription sur la liste de l&rsquo;UNESCO contribue aujourd&rsquo;hui au d\u00e9veloppement de la culture et du tourisme culturel dans la r\u00e9gion au sens large.<\/p>\n\n\n\n<figure class=\"wp-block-gallery has-nested-images columns-default is-cropped wp-block-gallery-1 is-layout-flex wp-block-gallery-is-layout-flex\">\n<figure class=\"wp-block-image size-full\"><img loading=\"lazy\" decoding=\"async\" width=\"640\" height=\"480\" data-id=\"2172\" src=\"https:\/\/www.muzejhercegovine.com\/wp-content\/uploads\/2022\/12\/P8160091.jpg\" alt=\"\" class=\"wp-image-2172\" srcset=\"https:\/\/www.muzejhercegovine.com\/wp-content\/uploads\/2022\/12\/P8160091.jpg 640w, https:\/\/www.muzejhercegovine.com\/wp-content\/uploads\/2022\/12\/P8160091-300x225.jpg 300w\" sizes=\"auto, (max-width: 640px) 100vw, 640px\" \/><figcaption class=\"wp-element-caption\">OLYMPUS DIGITAL CAMERA<\/figcaption><\/figure>\n<\/figure>\n\n\n\n<figure class=\"wp-block-image size-full is-style-default\"><img loading=\"lazy\" decoding=\"async\" width=\"640\" height=\"480\" src=\"https:\/\/www.muzejhercegovine.com\/wp-content\/uploads\/2022\/12\/P8150063.jpg\" alt=\"\" class=\"wp-image-2167\" srcset=\"https:\/\/www.muzejhercegovine.com\/wp-content\/uploads\/2022\/12\/P8150063.jpg 640w, https:\/\/www.muzejhercegovine.com\/wp-content\/uploads\/2022\/12\/P8150063-300x225.jpg 300w\" sizes=\"auto, (max-width: 640px) 100vw, 640px\" \/><figcaption class=\"wp-element-caption\">OLYMPUS DIGITAL CAMERA<\/figcaption><\/figure>\n\n\n\n<figure class=\"wp-block-gallery has-nested-images columns-default is-cropped wp-block-gallery-2 is-layout-flex wp-block-gallery-is-layout-flex\">\n<figure class=\"wp-block-image size-full\"><img loading=\"lazy\" decoding=\"async\" width=\"640\" height=\"480\" data-id=\"2171\" src=\"https:\/\/www.muzejhercegovine.com\/wp-content\/uploads\/2022\/12\/P8160089.jpg\" alt=\"\" class=\"wp-image-2171\" srcset=\"https:\/\/www.muzejhercegovine.com\/wp-content\/uploads\/2022\/12\/P8160089.jpg 640w, https:\/\/www.muzejhercegovine.com\/wp-content\/uploads\/2022\/12\/P8160089-300x225.jpg 300w\" sizes=\"auto, (max-width: 640px) 100vw, 640px\" \/><figcaption class=\"wp-element-caption\">OLYMPUS DIGITAL CAMERA<\/figcaption><\/figure>\n<\/figure>\n\n\n\n<figure class=\"wp-block-image size-full\"><img loading=\"lazy\" decoding=\"async\" width=\"640\" height=\"480\" src=\"https:\/\/www.muzejhercegovine.com\/wp-content\/uploads\/2022\/12\/P8160078.jpg\" alt=\"\" class=\"wp-image-2169\" srcset=\"https:\/\/www.muzejhercegovine.com\/wp-content\/uploads\/2022\/12\/P8160078.jpg 640w, https:\/\/www.muzejhercegovine.com\/wp-content\/uploads\/2022\/12\/P8160078-300x225.jpg 300w\" sizes=\"auto, (max-width: 640px) 100vw, 640px\" \/><figcaption class=\"wp-element-caption\">OLYMPUS DIGITAL CAMERA<\/figcaption><\/figure>\n\n\n\n<figure class=\"wp-block-image size-full\"><img loading=\"lazy\" decoding=\"async\" width=\"640\" height=\"480\" src=\"https:\/\/www.muzejhercegovine.com\/wp-content\/uploads\/2022\/12\/P8160077.jpg\" alt=\"\" class=\"wp-image-2168\" srcset=\"https:\/\/www.muzejhercegovine.com\/wp-content\/uploads\/2022\/12\/P8160077.jpg 640w, https:\/\/www.muzejhercegovine.com\/wp-content\/uploads\/2022\/12\/P8160077-300x225.jpg 300w\" sizes=\"auto, (max-width: 640px) 100vw, 640px\" \/><figcaption class=\"wp-element-caption\">OLYMPUS DIGITAL CAMERA<\/figcaption><\/figure>\n\n\n\n<figure class=\"wp-block-image size-full\"><img loading=\"lazy\" decoding=\"async\" width=\"640\" height=\"480\" src=\"https:\/\/www.muzejhercegovine.com\/wp-content\/uploads\/2022\/12\/P8150063.jpg\" alt=\"\" class=\"wp-image-2167\" srcset=\"https:\/\/www.muzejhercegovine.com\/wp-content\/uploads\/2022\/12\/P8150063.jpg 640w, https:\/\/www.muzejhercegovine.com\/wp-content\/uploads\/2022\/12\/P8150063-300x225.jpg 300w\" sizes=\"auto, (max-width: 640px) 100vw, 640px\" \/><figcaption class=\"wp-element-caption\">OLYMPUS DIGITAL CAMERA<\/figcaption><\/figure>\n\n\n\n<figure class=\"wp-block-image size-full\"><img loading=\"lazy\" decoding=\"async\" width=\"640\" height=\"480\" src=\"https:\/\/www.muzejhercegovine.com\/wp-content\/uploads\/2022\/12\/P8150052.jpg\" alt=\"\" class=\"wp-image-2166\" srcset=\"https:\/\/www.muzejhercegovine.com\/wp-content\/uploads\/2022\/12\/P8150052.jpg 640w, https:\/\/www.muzejhercegovine.com\/wp-content\/uploads\/2022\/12\/P8150052-300x225.jpg 300w\" sizes=\"auto, (max-width: 640px) 100vw, 640px\" \/><figcaption class=\"wp-element-caption\">OLYMPUS DIGITAL CAMERA<\/figcaption><\/figure>\n\n\n\n<figure class=\"wp-block-image size-full\"><img loading=\"lazy\" decoding=\"async\" width=\"640\" height=\"480\" src=\"https:\/\/www.muzejhercegovine.com\/wp-content\/uploads\/2022\/12\/P8150041.jpg\" alt=\"\" class=\"wp-image-2165\" srcset=\"https:\/\/www.muzejhercegovine.com\/wp-content\/uploads\/2022\/12\/P8150041.jpg 640w, https:\/\/www.muzejhercegovine.com\/wp-content\/uploads\/2022\/12\/P8150041-300x225.jpg 300w\" sizes=\"auto, (max-width: 640px) 100vw, 640px\" \/><figcaption class=\"wp-element-caption\">OLYMPUS DIGITAL CAMERA<\/figcaption><\/figure>\n\n\n","protected":false},"excerpt":{"rendered":"<p>Dans le cadre du projet r\u00e9gional appel\u00e9 CRAFATTTRACT ou, dans un sens plus large, \u00ab\u00a0L&rsquo;artisanat traditionnel &#8211; l&rsquo;attrait du tourisme culturel\u00a0\u00bb, cette ann\u00e9e \u00e0 Mostar les 8 et 9 octobre 2014, un \u00e9v\u00e9nement de deux jours s&rsquo;est tenu \u00e0 Mostar, organis\u00e9 par le Mus\u00e9e d&rsquo;Herz\u00e9govine de Mostar, appel\u00e9 \u00ab\u00a0L&rsquo;artisanat textile &#8211; une tradition qui vit\u00a0\u00bb. [&hellip;]<\/p>\n","protected":false},"author":2,"featured_media":3878,"comment_status":"closed","ping_status":"closed","sticky":false,"template":"","format":"standard","meta":{"footnotes":""},"categories":[77],"tags":[],"class_list":["post-4244","post","type-post","status-publish","format-standard","has-post-thumbnail","hentry","category-blog-fr"],"_links":{"self":[{"href":"https:\/\/www.muzejhercegovine.com\/fr\/wp-json\/wp\/v2\/posts\/4244","targetHints":{"allow":["GET"]}}],"collection":[{"href":"https:\/\/www.muzejhercegovine.com\/fr\/wp-json\/wp\/v2\/posts"}],"about":[{"href":"https:\/\/www.muzejhercegovine.com\/fr\/wp-json\/wp\/v2\/types\/post"}],"author":[{"embeddable":true,"href":"https:\/\/www.muzejhercegovine.com\/fr\/wp-json\/wp\/v2\/users\/2"}],"replies":[{"embeddable":true,"href":"https:\/\/www.muzejhercegovine.com\/fr\/wp-json\/wp\/v2\/comments?post=4244"}],"version-history":[{"count":3,"href":"https:\/\/www.muzejhercegovine.com\/fr\/wp-json\/wp\/v2\/posts\/4244\/revisions"}],"predecessor-version":[{"id":4247,"href":"https:\/\/www.muzejhercegovine.com\/fr\/wp-json\/wp\/v2\/posts\/4244\/revisions\/4247"}],"wp:featuredmedia":[{"embeddable":true,"href":"https:\/\/www.muzejhercegovine.com\/fr\/wp-json\/wp\/v2\/media\/3878"}],"wp:attachment":[{"href":"https:\/\/www.muzejhercegovine.com\/fr\/wp-json\/wp\/v2\/media?parent=4244"}],"wp:term":[{"taxonomy":"category","embeddable":true,"href":"https:\/\/www.muzejhercegovine.com\/fr\/wp-json\/wp\/v2\/categories?post=4244"},{"taxonomy":"post_tag","embeddable":true,"href":"https:\/\/www.muzejhercegovine.com\/fr\/wp-json\/wp\/v2\/tags?post=4244"}],"curies":[{"name":"wp","href":"https:\/\/api.w.org\/{rel}","templated":true}]}}